{"id":1750,"date":"2020-01-12T12:56:01","date_gmt":"2020-01-12T12:56:01","guid":{"rendered":"http:\/\/www.illustra-azione.org\/?p=1750"},"modified":"2024-08-28T19:58:52","modified_gmt":"2024-08-28T19:58:52","slug":"italiano","status":"publish","type":"post","link":"https:\/\/www.illustra-azione.org\/?p=1750","title":{"rendered":"Su di me"},"content":{"rendered":"\r\n<div class=\"wp-block-spacer\" style=\"height: 100px;\" aria-hidden=\"true\">&nbsp;<\/div>\r\n\r\n\r\n\r\n<h3 class=\"has-text-align-center has-neve-link-color-color has-text-color wp-block-heading\">Paola Mini cre-attiva, equanimo-situazionista, eco-libertaria, constatatrice<\/h3>\r\n\r\n\r\n\r\n<h3 class=\"has-text-align-center has-neve-link-color-color has-text-color wp-block-heading\">a volte pittrice, illustratrice, grafica, scrittrice, comunicatrice, yogini e quant&#8217;altro<\/h3>\r\n\r\n\r\n\r\n<div class=\"wp-block-spacer\" style=\"height: 84px;\" aria-hidden=\"true\">&nbsp;<\/div>\r\n\r\n\r\n\r\n<div class=\"wp-block-columns is-layout-flex wp-container-core-columns-is-layout-9d6595d7 wp-block-columns-is-layout-flex\">\r\n<div class=\"wp-block-column is-layout-flow wp-block-column-is-layout-flow\">\r\n<figure class=\"wp-block-image size-large\"><img fetchpriority=\"high\" decoding=\"async\" width=\"1024\" height=\"678\" class=\"wp-image-1989\" src=\"https:\/\/www.illustra-azione.org\/wp-content\/uploads\/2020\/01\/in-studio-a-KP2_DSC4846-1024x678.jpg\" alt=\"\" srcset=\"https:\/\/www.illustra-azione.org\/wp-content\/uploads\/2020\/01\/in-studio-a-KP2_DSC4846-1024x678.jpg 1024w, https:\/\/www.illustra-azione.org\/wp-content\/uploads\/2020\/01\/in-studio-a-KP2_DSC4846-300x199.jpg 300w, https:\/\/www.illustra-azione.org\/wp-content\/uploads\/2020\/01\/in-studio-a-KP2_DSC4846-768x509.jpg 768w, https:\/\/www.illustra-azione.org\/wp-content\/uploads\/2020\/01\/in-studio-a-KP2_DSC4846-1536x1018.jpg 1536w, https:\/\/www.illustra-azione.org\/wp-content\/uploads\/2020\/01\/in-studio-a-KP2_DSC4846.jpg 1920w\" sizes=\"(max-width: 1024px) 100vw, 1024px\" \/><\/figure>\r\n<\/div>\r\n\r\n\r\n\r\n<div class=\"wp-block-column is-layout-flow wp-block-column-is-layout-flow\">\r\n<figure class=\"wp-block-image size-large\"><img decoding=\"async\" width=\"1024\" height=\"678\" class=\"wp-image-1990\" src=\"https:\/\/www.illustra-azione.org\/wp-content\/uploads\/2020\/01\/in-studio-a-KP_DSC4818-1024x678.jpg\" alt=\"\" srcset=\"https:\/\/www.illustra-azione.org\/wp-content\/uploads\/2020\/01\/in-studio-a-KP_DSC4818-1024x678.jpg 1024w, https:\/\/www.illustra-azione.org\/wp-content\/uploads\/2020\/01\/in-studio-a-KP_DSC4818-300x199.jpg 300w, https:\/\/www.illustra-azione.org\/wp-content\/uploads\/2020\/01\/in-studio-a-KP_DSC4818-768x508.jpg 768w, https:\/\/www.illustra-azione.org\/wp-content\/uploads\/2020\/01\/in-studio-a-KP_DSC4818-1536x1017.jpg 1536w, https:\/\/www.illustra-azione.org\/wp-content\/uploads\/2020\/01\/in-studio-a-KP_DSC4818.jpg 1920w\" sizes=\"(max-width: 1024px) 100vw, 1024px\" \/><\/figure>\r\n<\/div>\r\n<\/div>\r\n\r\n\r\n\r\n<div class=\"wp-block-group\">\r\n<div class=\"wp-block-group__inner-container is-layout-flow wp-block-group-is-layout-flow\">\r\n<div class=\"wp-block-spacer\" style=\"height: 20px;\" aria-hidden=\"true\">&nbsp;<\/div>\r\n\r\n\r\n\r\n<div class=\"wp-block-group\">\r\n<div class=\"wp-block-group__inner-container is-layout-flow wp-block-group-is-layout-flow\">\r\n<h3 class=\"has-text-align-center has-neve-link-color-color has-text-color wp-block-heading\">Nella mia vita ho creato&nbsp; migliaia di immagini, sia autonomamente che collaborando con altri artisti, agenzie, editori, privati, realt\u00e0 indipendenti e di autoproduzione<\/h3>\r\n\r\n\r\n\r\n<h3 class=\"has-text-align-center has-neve-link-color-color has-text-color wp-block-heading\">La mole pi\u00f9 grande della mia produzione si \u00e8 svolta nel campo dell\u2019editoria per l\u2019infanzia, nell&#8217;attivismo libertario, nell&#8217;iconografia connessa con lo yoga<\/h3>\r\n\r\n\r\n\r\n<h3 class=\"has-text-align-center has-neve-link-color-color has-text-color wp-block-heading\">Amo condividere progetti che contribuiscano a un mondo pi\u00f9 bello, armonioso, sincero e giusto<\/h3>\r\n<\/div>\r\n<\/div>\r\n\r\n\r\n\r\n<div class=\"wp-block-spacer\" style=\"height: 100px;\" aria-hidden=\"true\">&nbsp;<\/div>\r\n\r\n\r\n\r\n<div class=\"wp-block-columns is-layout-flex wp-container-core-columns-is-layout-9d6595d7 wp-block-columns-is-layout-flex\">\r\n<div class=\"wp-block-column is-layout-flow wp-block-column-is-layout-flow\">\r\n<p>Libert\u00e0, Consapevolezza, Conoscenza, Spontaneit\u00e0, Passione Creazione. Inventare Immagini, Cose, Ragionamenti, Situazioni da guardare, ascoltare, leggere, vivere, gioire, amare.<\/p>\r\n<\/div>\r\n\r\n\r\n\r\n<div class=\"wp-block-column is-layout-flow wp-block-column-is-layout-flow\">\r\n<p>Ideali e prassi di fratellanza con il Vivente, garanzia di senso individuale e coibente collettivo. In viaggio tra gli orizzonti di una Comunicazione sincera e significante entro Relazioni di mutua Solidariet\u00e0. ampliamento della Consapevolezza, del genuino dispiegarsi delle potenzialit\u00e0 individuali e sociali.<\/p>\r\n<\/div>\r\n\r\n\r\n\r\n<div class=\"wp-block-column is-layout-flow wp-block-column-is-layout-flow\">\r\n<p>Mi dedico a studio e alla pratica della cultura libertaria, dello yoga, della meditazione. E&#8217; da questi vissuti e percorsi che traggo ispirazione e motivazione per il mio lavoro creativo.<\/p>\r\n<\/div>\r\n<\/div>\r\n\r\n\r\n\r\n<p>&nbsp;<\/p>\r\n<\/div>\r\n<\/div>\r\n\r\n\r\n\r\n<p>&nbsp;<\/p>\r\n\r\n\r\n\r\n<div class=\"wp-block-columns is-layout-flex wp-container-core-columns-is-layout-9d6595d7 wp-block-columns-is-layout-flex\">\r\n<div class=\"wp-block-column is-layout-flow wp-block-column-is-layout-flow\">\r\n<figure class=\"wp-block-image size-large\"><img decoding=\"async\" width=\"834\" height=\"852\" class=\"wp-image-1918\" src=\"https:\/\/www.illustra-azione.org\/wp-content\/uploads\/2020\/01\/001coniglio-1.jpg\" alt=\"\" srcset=\"https:\/\/www.illustra-azione.org\/wp-content\/uploads\/2020\/01\/001coniglio-1.jpg 834w, https:\/\/www.illustra-azione.org\/wp-content\/uploads\/2020\/01\/001coniglio-1-294x300.jpg 294w, https:\/\/www.illustra-azione.org\/wp-content\/uploads\/2020\/01\/001coniglio-1-768x785.jpg 768w, https:\/\/www.illustra-azione.org\/wp-content\/uploads\/2020\/01\/001coniglio-1-50x50.jpg 50w\" sizes=\"(max-width: 834px) 100vw, 834px\" \/><\/figure>\r\n<\/div>\r\n\r\n\r\n\r\n<div class=\"wp-block-column is-layout-flow wp-block-column-is-layout-flow\">\r\n<div class=\"wp-block-spacer\" style=\"height: 121px;\" aria-hidden=\"true\">&nbsp;<\/div>\r\n\r\n\r\n\r\n<div class=\"wp-block-group\">\r\n<div class=\"wp-block-group__inner-container is-layout-flow wp-block-group-is-layout-flow\">\r\n<h2 class=\"has-text-align-left has-neve-link-color-color has-text-color wp-block-heading\">Competenze<\/h2>\r\n\r\n\r\n\r\n<div class=\"wp-block-spacer\" style=\"height: 20px;\" aria-hidden=\"true\">&nbsp;<\/div>\r\n\r\n\r\n\r\n<ul class=\"ticss-d97d0d4a wp-block-list\">\r\n<li>Tecniche classiche di disegno e pittura<\/li>\r\n<li>Tecniche antiche con pigmenti di origine minerale e naturale (quali pigmenti vegetali, pietre dure, oro ecc)<\/li>\r\n<li>Restauro<\/li>\r\n<li>Decorazione urbana , murales<\/li>\r\n<li>Illustrazione digitale vettoriale e bitmap<\/li>\r\n<li>Grafica digitale e prestampa<\/li>\r\n<li>Fotografia e post produzione fotografica<\/li>\r\n<li>Insegnamento in corsi di disegno, pittura, storia dell&#8217;arte, estetica<\/li>\r\n<\/ul>\r\n<\/div>\r\n<\/div>\r\n\r\n\r\n\r\n<div class=\"wp-block-spacer\" style=\"height: 46px;\" aria-hidden=\"true\">&nbsp;<\/div>\r\n<\/div>\r\n<\/div>\r\n\r\n\r\n\r\n<div class=\"wp-block-group\">\r\n<div class=\"wp-block-group__inner-container is-layout-flow wp-block-group-is-layout-flow\">\r\n<div class=\"wp-block-columns is-layout-flex wp-container-core-columns-is-layout-9d6595d7 wp-block-columns-is-layout-flex\">\r\n<div class=\"wp-block-column is-layout-flow wp-block-column-is-layout-flow\">\r\n<div class=\"wp-block-spacer\" style=\"height: 121px;\" aria-hidden=\"true\">&nbsp;<\/div>\r\n\r\n\r\n\r\n<h3 class=\"has-text-align-right has-neve-link-color-color has-text-color wp-block-heading\">FORMAZIONE<\/h3>\r\n\r\n\r\n\r\n<p class=\"has-text-align-right\">1987&nbsp; Maturit\u00e0 liceo artistico . 1991 Diploma di Pittura, Accademia Albertina di Belle Arti<\/p>\r\n\r\n\r\n\r\n<p class=\"has-text-align-right\">1991 -1996 Studi e scambi culturali, di particolare importanza formativa la visita dei musei europei e i viaggi in India e Nepal, tra cui l\u2019apprendistato nella&nbsp; bottega di Gega Lama (Kathmandu, Nepal), artista di riferimento dello stile Karma Gadri dell\u2019iconografia tantrica tibetana, presso Lama Shedrub (Kalimpong India). e le preziose informazioni del maestro di meditazione e pittore &nbsp;<a href=\"http:\/\/www.choegyalrinpoche.org\/\" target=\"_blank\" rel=\"noreferrer noopener\">Drugu Choegyal Rinpoche<\/a>.<\/p>\r\n\r\n\r\n\r\n<p class=\"has-text-align-right\">Esperienze formative fondamentali sono state i miei viaggi in Asia e la partecipazione a progetti collettivi in vari campi delle arti applicate e della comunicazione, la frequentazione di artisti onesti e talentuosi, tra cui Francesco Partipilo,&nbsp; Elidoro Amedeo Cosimo Giorgino e Annalisa Zambelli, e l&#8217;arricchimento derivante da anni di lavoro costante.<\/p>\r\n<\/div>\r\n\r\n\r\n\r\n<div class=\"wp-block-column is-layout-flow wp-block-column-is-layout-flow\">\r\n<figure class=\"wp-block-image size-large\"><img loading=\"lazy\" decoding=\"async\" width=\"1000\" height=\"870\" class=\"wp-image-1925\" src=\"https:\/\/www.illustra-azione.org\/wp-content\/uploads\/2020\/01\/Paola_Minelli_portrait3-2.jpg\" alt=\"\" srcset=\"https:\/\/www.illustra-azione.org\/wp-content\/uploads\/2020\/01\/Paola_Minelli_portrait3-2.jpg 1000w, https:\/\/www.illustra-azione.org\/wp-content\/uploads\/2020\/01\/Paola_Minelli_portrait3-2-300x261.jpg 300w, https:\/\/www.illustra-azione.org\/wp-content\/uploads\/2020\/01\/Paola_Minelli_portrait3-2-768x668.jpg 768w\" sizes=\"(max-width: 1000px) 100vw, 1000px\" \/><\/figure>\r\n<\/div>\r\n<\/div>\r\n<\/div>\r\n<\/div>\r\n\r\n\r\n\r\n<div class=\"wp-block-columns is-layout-flex wp-container-core-columns-is-layout-9d6595d7 wp-block-columns-is-layout-flex\">\r\n<div class=\"wp-block-column is-layout-flow wp-block-column-is-layout-flow\">\r\n<figure class=\"wp-block-image alignwide size-large\"><img loading=\"lazy\" decoding=\"async\" width=\"799\" height=\"1024\" class=\"wp-image-1992\" src=\"https:\/\/www.illustra-azione.org\/wp-content\/uploads\/2020\/01\/Paola_Minelli_dipingo-thanka-bagnoli2-799x1024.jpg\" alt=\"\" srcset=\"https:\/\/www.illustra-azione.org\/wp-content\/uploads\/2020\/01\/Paola_Minelli_dipingo-thanka-bagnoli2-799x1024.jpg 799w, https:\/\/www.illustra-azione.org\/wp-content\/uploads\/2020\/01\/Paola_Minelli_dipingo-thanka-bagnoli2-234x300.jpg 234w, https:\/\/www.illustra-azione.org\/wp-content\/uploads\/2020\/01\/Paola_Minelli_dipingo-thanka-bagnoli2-768x984.jpg 768w, https:\/\/www.illustra-azione.org\/wp-content\/uploads\/2020\/01\/Paola_Minelli_dipingo-thanka-bagnoli2-1199x1536.jpg 1199w, https:\/\/www.illustra-azione.org\/wp-content\/uploads\/2020\/01\/Paola_Minelli_dipingo-thanka-bagnoli2.jpg 1400w\" sizes=\"(max-width: 799px) 100vw, 799px\" \/><\/figure>\r\n<\/div>\r\n\r\n\r\n\r\n<div class=\"wp-block-column is-layout-flow wp-block-column-is-layout-flow\">\r\n<div class=\"wp-block-spacer\" style=\"height: 247px;\" aria-hidden=\"true\">&nbsp;<\/div>\r\n\r\n\r\n\r\n<h3 class=\"has-neve-link-color-color has-text-color wp-block-heading\">THANGKA E ICONOGRAFIA TRADIZIONALE BUDDHISTA<\/h3>\r\n\r\n\r\n\r\n<div class=\"wp-block-group\">\r\n<div class=\"wp-block-group__inner-container is-layout-flow wp-block-group-is-layout-flow\">\r\n<div class=\"wp-block-group\">\r\n<div class=\"wp-block-group__inner-container is-layout-flow wp-block-group-is-layout-flow\">\r\n<p class=\"has-text-align-left\">Ho dedicato alcuni anni della mia vita allo studio della pittura delle thangka, ovvero icone buddhiste di tradizione himalayana, assimilandone i rigorosi principi e maturando uno stile personale, pi\u00f9 adatto alla sensibilit\u00e0 occidentale, ma conforme alle prescrizioni tradizionali. Attualmente dipingo queste icone soprattutto su ordinazione.<\/p>\r\n\r\n\r\n\r\n<p>Riproduzioni di alcuni di questi lavori sono in vendita presso il sito <a href=\"http:\/\/dakiniasart.org\/artists\/paola-minelli\">DakiniasArt<\/a><\/p>\r\n<\/div>\r\n<\/div>\r\n\r\n\r\n\r\n<div class=\"wp-block-spacer\" style=\"height: 100px;\" aria-hidden=\"true\">&nbsp;<\/div>\r\n<\/div>\r\n<\/div>\r\n<\/div>\r\n<\/div>\r\n\r\n\r\n\r\n<div class=\"wp-block-columns is-layout-flex wp-container-core-columns-is-layout-9d6595d7 wp-block-columns-is-layout-flex\">\r\n<div class=\"wp-block-column is-layout-flow wp-block-column-is-layout-flow\">\r\n<div class=\"wp-block-spacer\" style=\"height: 100px;\" aria-hidden=\"true\">&nbsp;<\/div>\r\n\r\n\r\n\r\n<div class=\"wp-block-group\">\r\n<div class=\"wp-block-group__inner-container is-layout-flow wp-block-group-is-layout-flow\">\r\n<h3 class=\"has-neve-link-color-color has-text-color wp-block-heading\">DECORAZIONE e RESTAURO<\/h3>\r\n\r\n\r\n\r\n<p>Partecipazione a cantieri di restauro pittorico, murales per locali e per privati, collaborazione a vari progetti relativi a decorazioni d\u2019ambiente con tecniche muraliste differenti.<br>\u2013 partecipazione ad un grande progetto relativo alle decorazioni del \u201cGonpa di Merigar\u201d, Arcidosso GR.<br>\u2013 partecipazione ai concorsi di decorazione in Restructura, (Torino Lingotto).<br>\u2013 murales presso residenze private.<\/p>\r\n<\/div>\r\n<\/div>\r\n<\/div>\r\n\r\n\r\n\r\n<div class=\"wp-block-column is-layout-flow wp-block-column-is-layout-flow\">\r\n<figure class=\"wp-block-image size-large\"><img loading=\"lazy\" decoding=\"async\" width=\"1024\" height=\"684\" class=\"wp-image-1974\" src=\"https:\/\/www.illustra-azione.org\/wp-content\/uploads\/2020\/01\/new-gonpa.1162x0-is-1024x684.jpg\" alt=\"\" srcset=\"https:\/\/www.illustra-azione.org\/wp-content\/uploads\/2020\/01\/new-gonpa.1162x0-is-1024x684.jpg 1024w, https:\/\/www.illustra-azione.org\/wp-content\/uploads\/2020\/01\/new-gonpa.1162x0-is-300x200.jpg 300w, https:\/\/www.illustra-azione.org\/wp-content\/uploads\/2020\/01\/new-gonpa.1162x0-is-768x513.jpg 768w, https:\/\/www.illustra-azione.org\/wp-content\/uploads\/2020\/01\/new-gonpa.1162x0-is-930x620.jpg 930w, https:\/\/www.illustra-azione.org\/wp-content\/uploads\/2020\/01\/new-gonpa.1162x0-is.jpg 1162w\" sizes=\"(max-width: 1024px) 100vw, 1024px\" \/>\r\n<figcaption>Il Gompa di Merigar<\/figcaption>\r\n<\/figure>\r\n<\/div>\r\n<\/div>\r\n\r\n\r\n\r\n<div class=\"wp-block-columns is-layout-flex wp-container-core-columns-is-layout-9d6595d7 wp-block-columns-is-layout-flex\">\r\n<div class=\"wp-block-column is-layout-flow wp-block-column-is-layout-flow\">\r\n<figure class=\"wp-block-image size-large\"><img loading=\"lazy\" decoding=\"async\" width=\"1000\" height=\"685\" class=\"wp-image-1975\" src=\"https:\/\/www.illustra-azione.org\/wp-content\/uploads\/2020\/01\/Paola_Minelli_computer-music_Premio-Imagina.jpg\" alt=\"\" srcset=\"https:\/\/www.illustra-azione.org\/wp-content\/uploads\/2020\/01\/Paola_Minelli_computer-music_Premio-Imagina.jpg 1000w, https:\/\/www.illustra-azione.org\/wp-content\/uploads\/2020\/01\/Paola_Minelli_computer-music_Premio-Imagina-300x206.jpg 300w, https:\/\/www.illustra-azione.org\/wp-content\/uploads\/2020\/01\/Paola_Minelli_computer-music_Premio-Imagina-768x526.jpg 768w\" sizes=\"(max-width: 1000px) 100vw, 1000px\" \/>\r\n<figcaption>Premio Imagina Grafichissima<\/figcaption>\r\n<\/figure>\r\n<\/div>\r\n\r\n\r\n\r\n<div class=\"wp-block-column is-layout-flow wp-block-column-is-layout-flow\">\r\n<div class=\"wp-block-spacer\" style=\"height: 100px;\" aria-hidden=\"true\">&nbsp;<\/div>\r\n\r\n\r\n\r\n<h3 class=\"has-neve-link-color-color has-text-color wp-block-heading\">ESPOSIZIONI<\/h3>\r\n\r\n\r\n\r\n<div class=\"wp-block-spacer\" style=\"height: 30px;\" aria-hidden=\"true\">&nbsp;<\/div>\r\n\r\n\r\n\r\n<p>1982 &#8211; Associazione culturale Circolo Barale (Savona), Collettiva. <br>1996 &#8211; C.S. Grugliasco (TO), progetto \u201cGrunt\u201d con Elidoro Cosimo Amedeo GIorgino.<br>1998 &#8211; Comune di Verbania, \u201cDiSegno InSegno\u201d mostra d\u2019illustrazione per l\u2019infanzia organizzata da \u201cIl<br>Battello a Vapore\u201d, Collettiva.<br>2003 &#8211; 1\u00b0 premio&nbsp;<a href=\"http:\/\/www.grafichissima.it\/imagina_premi.html\">Concorso \u201cImagina\u201d Grafichissima<\/a>, il sito italiano della grafi ca 2D e 3D. <br>2005 &#8211; Partecipazione al concorso di decorazione Restructura (Lingotto \u2013 TO)<br>2006 &#8211; Partecipazione al concorso di decorazione Restructura (Lingotto \u2013 TO)<\/p>\r\n<\/div>\r\n<\/div>\r\n\r\n\r\n\r\n<div class=\"wp-block-group\">\r\n<div class=\"wp-block-group__inner-container is-layout-flow wp-block-group-is-layout-flow\">\r\n<div class=\"wp-block-columns is-layout-flex wp-container-core-columns-is-layout-9d6595d7 wp-block-columns-is-layout-flex\">\r\n<div class=\"wp-block-column is-layout-flow wp-block-column-is-layout-flow\">\r\n<div class=\"wp-block-spacer\" style=\"height: 42px;\" aria-hidden=\"true\">&nbsp;<\/div>\r\n\r\n\r\n\r\n<h3 class=\"has-neve-link-color-color has-text-color wp-block-heading\">ANIMAZIONE INFANZIA e LABORATORI DISABILI<\/h3>\r\n\r\n\r\n\r\n<p>Attivit\u00e0 di animazione per bambini per conto del Comune di Torino.<br>Seminario di pittura per il Museo dei bambini, Palazzo Pubblico, Siena organizzato dall&#8217;Istitto Shang Shung.<br>Laboratori creativi per disabili (Torino).<\/p>\r\n<\/div>\r\n\r\n\r\n\r\n<div class=\"wp-block-column is-layout-flow wp-block-column-is-layout-flow\">\r\n<div class=\"wp-block-image\">\r\n<figure class=\"alignleft size-large\"><img loading=\"lazy\" decoding=\"async\" width=\"1024\" height=\"382\" class=\"wp-image-1873\" src=\"https:\/\/www.illustra-azione.org\/wp-content\/uploads\/2020\/01\/girotondobimbimondo-1-1024x382.jpg\" alt=\"\" srcset=\"https:\/\/www.illustra-azione.org\/wp-content\/uploads\/2020\/01\/girotondobimbimondo-1-1024x382.jpg 1024w, https:\/\/www.illustra-azione.org\/wp-content\/uploads\/2020\/01\/girotondobimbimondo-1-300x112.jpg 300w, https:\/\/www.illustra-azione.org\/wp-content\/uploads\/2020\/01\/girotondobimbimondo-1-768x286.jpg 768w, https:\/\/www.illustra-azione.org\/wp-content\/uploads\/2020\/01\/girotondobimbimondo-1-1536x573.jpg 1536w, https:\/\/www.illustra-azione.org\/wp-content\/uploads\/2020\/01\/girotondobimbimondo-1.jpg 1920w\" sizes=\"(max-width: 1024px) 100vw, 1024px\" \/><\/figure>\r\n<\/div>\r\n<\/div>\r\n<\/div>\r\n\r\n\r\n\r\n<div class=\"wp-block-columns is-layout-flex wp-container-core-columns-is-layout-9d6595d7 wp-block-columns-is-layout-flex\">\r\n<div class=\"wp-block-column is-layout-flow wp-block-column-is-layout-flow\">\r\n<figure class=\"wp-block-image size-large\"><img loading=\"lazy\" decoding=\"async\" width=\"1024\" height=\"679\" class=\"wp-image-1969\" src=\"https:\/\/www.illustra-azione.org\/wp-content\/uploads\/2020\/01\/Senza-titolo-3-1-1024x679.jpg\" alt=\"\" srcset=\"https:\/\/www.illustra-azione.org\/wp-content\/uploads\/2020\/01\/Senza-titolo-3-1-1024x679.jpg 1024w, https:\/\/www.illustra-azione.org\/wp-content\/uploads\/2020\/01\/Senza-titolo-3-1-300x199.jpg 300w, https:\/\/www.illustra-azione.org\/wp-content\/uploads\/2020\/01\/Senza-titolo-3-1-768x509.jpg 768w, https:\/\/www.illustra-azione.org\/wp-content\/uploads\/2020\/01\/Senza-titolo-3-1-1536x1018.jpg 1536w, https:\/\/www.illustra-azione.org\/wp-content\/uploads\/2020\/01\/Senza-titolo-3-1.jpg 1572w\" sizes=\"(max-width: 1024px) 100vw, 1024px\" \/><\/figure>\r\n<\/div>\r\n\r\n\r\n\r\n<div class=\"wp-block-column is-layout-flow wp-block-column-is-layout-flow\">\r\n<div class=\"wp-block-group\">\r\n<div class=\"wp-block-group__inner-container is-layout-flow wp-block-group-is-layout-flow\">\r\n<div class=\"wp-block-spacer\" style=\"height: 100px;\" aria-hidden=\"true\">&nbsp;<\/div>\r\n\r\n\r\n\r\n<h3 class=\"has-neve-link-color-color has-text-color wp-block-heading\">DIDATTICA ICONOGRAFIA TRADIZIONALE BUDDHISTA HIMALAYANA<\/h3>\r\n\r\n\r\n\r\n<div class=\"wp-block-spacer\" style=\"height: 43px;\" aria-hidden=\"true\">&nbsp;<\/div>\r\n\r\n\r\n\r\n<p><br>Conferenze presso l\u2019Accademia di Belle Arti di Carrara e presso eventi organizzati dall&#8217;Associazione culturale Comunit\u00e0 Dzogchen.<br>Insegnamento di disegno e pittura, soprattutto iconografia tradizionale buddhista himalayana in collaborazione con l\u2019istituto Shang Shung e la Comunit\u00e0 Dzog Chen Internzionale in corsi che si sono svolti a Roma, ad Arcidosso (Grosseto), a Tenerife (Spagna) e privatamente presso il mio studio.<\/p>\r\n<\/div>\r\n<\/div>\r\n<\/div>\r\n<\/div>\r\n<\/div>\r\n<\/div>\r\n\r\n\r\n\r\n<div class=\"wp-block-group\">\r\n<div class=\"wp-block-group__inner-container is-layout-flow wp-block-group-is-layout-flow\">\r\n<div class=\"wp-block-columns is-layout-flex wp-container-core-columns-is-layout-9d6595d7 wp-block-columns-is-layout-flex\">\r\n<div class=\"wp-block-column is-layout-flow wp-block-column-is-layout-flow\">\r\n<div class=\"wp-block-group\">\r\n<div class=\"wp-block-group__inner-container is-layout-flow wp-block-group-is-layout-flow\">\r\n<h3 class=\"has-neve-link-color-color has-text-color wp-block-heading\">ATTIVISMO<\/h3>\r\n\r\n\r\n\r\n<p>Partecipo alla diffusione della cultura libertaria di autoproduzione e autogestione, alla critica del sistema e della distruzione dell&#8217;ambiente naturale cammuffato da &#8220;progresso tecnologico&#8221;, e dell&#8217;ambiente sociale cammuffata da &#8220;crescita economica&#8221;.<br>Collaboro con editori, riviste e gruppi che si occupano di critica radicale nell\u2019ambito culturale, sociale ed ecologista. Partecipo quindi all&#8217;informazione (o contro-informazione) su cause e possibili rimedi al disagio e al degrado socio-bio-eco-ambientale attuale con illustrazione, grafica, scrittura, promozione e conduzione di dibattiti, materiale divulgativo autoprodotto tra cui: Nautilus Edizioni, Fenix Edizioni, Radioblackout, Istrixistrix, Senzaguinzaglio, riviste &#8220;Polvere&#8221; e &#8220;Il Folletto&#8221;.<\/p>\r\n\r\n\r\n\r\n<p>Nel 2008 Ho scritto e pubblicato il libro <a href=\"http:\/\/www.ecn.org\/nautilus\/sorvegliato_mentale.html\" target=\"_blank\" rel=\"noreferrer noopener\">Sorvegliato Mentale, ed. Nautilus<\/a>.<\/p>\r\n\r\n\r\n\r\n<p>Dal 2004 al 2009 Ho ideato e condotto di trasmissioni radiofoniche presso la radio libera&nbsp;<a href=\"http:\/\/www.radioblackout.org\/\" target=\"_blank\" rel=\"noreferrer noopener\">Radioblackout<\/a>&nbsp;(Torino): Peste &amp; Corna (programma cabaret situazionista di disfattismo culturale); Stato Terapeutico (Critica alla medicalizzazione dell&#8217;esistente); Qualcuno vol\u00f2 sul nido del cuculo (Critica radicale alla psichiatria in collaborazione con Tristano Aimone); La fattoria degli animali (Analisi delle realt\u00e0 nelle cooperative sociali).<\/p>\r\n\r\n\r\n\r\n<p>&nbsp;<\/p>\r\n<\/div>\r\n<\/div>\r\n<\/div>\r\n\r\n\r\n\r\n<div class=\"wp-block-column is-layout-flow wp-block-column-is-layout-flow\">\r\n<figure class=\"wp-block-image alignwide size-large\"><img loading=\"lazy\" decoding=\"async\" width=\"800\" height=\"568\" class=\"wp-image-1970\" src=\"https:\/\/www.illustra-azione.org\/wp-content\/uploads\/2020\/01\/fenix-fronte.jpg\" alt=\"\" srcset=\"https:\/\/www.illustra-azione.org\/wp-content\/uploads\/2020\/01\/fenix-fronte.jpg 800w, https:\/\/www.illustra-azione.org\/wp-content\/uploads\/2020\/01\/fenix-fronte-300x213.jpg 300w, https:\/\/www.illustra-azione.org\/wp-content\/uploads\/2020\/01\/fenix-fronte-768x545.jpg 768w\" sizes=\"(max-width: 800px) 100vw, 800px\" \/><\/figure>\r\n<\/div>\r\n<\/div>\r\n<\/div>\r\n<\/div>\r\n\r\n\r\n\r\n<div class=\"wp-block-columns is-layout-flex wp-container-core-columns-is-layout-9d6595d7 wp-block-columns-is-layout-flex\">\r\n<div class=\"wp-block-column is-layout-flow wp-block-column-is-layout-flow\">\r\n<figure class=\"wp-block-image size-large\"><img loading=\"lazy\" decoding=\"async\" width=\"851\" height=\"315\" class=\"wp-image-2022\" src=\"https:\/\/www.illustra-azione.org\/wp-content\/uploads\/2020\/01\/Yoga_Banner_Facebook.jpg\" alt=\"\" srcset=\"https:\/\/www.illustra-azione.org\/wp-content\/uploads\/2020\/01\/Yoga_Banner_Facebook.jpg 851w, https:\/\/www.illustra-azione.org\/wp-content\/uploads\/2020\/01\/Yoga_Banner_Facebook-300x111.jpg 300w, https:\/\/www.illustra-azione.org\/wp-content\/uploads\/2020\/01\/Yoga_Banner_Facebook-768x284.jpg 768w\" sizes=\"(max-width: 851px) 100vw, 851px\" \/><\/figure>\r\n<\/div>\r\n\r\n\r\n\r\n<div class=\"wp-block-column is-layout-flow wp-block-column-is-layout-flow\">\r\n<div class=\"wp-block-spacer\" style=\"height: 100px;\" aria-hidden=\"true\">&nbsp;<\/div>\r\n\r\n\r\n\r\n<h3 class=\"has-neve-link-color-color has-text-color wp-block-heading\">YOGA<\/h3>\r\n\r\n\r\n\r\n<p>Dal 1988 Studio discipline meditative e yogiche. Dal 2013 condivido le conoscenze acquisite circa l&#8217;autogestione della salute insegnando Hatha Yoga terapeutico e incoraggiando a uno stile di vita consapevole in difesa dalla deumanizzzione scientista in auge.<\/p>\r\n<\/div>\r\n<\/div>\r\n\r\n\r\n\r\n<div class=\"wp-block-group\">\r\n<div class=\"wp-block-group__inner-container is-layout-flow wp-block-group-is-layout-flow\">\r\n<div class=\"wp-block-columns is-layout-flex wp-container-core-columns-is-layout-9d6595d7 wp-block-columns-is-layout-flex\">\r\n<div class=\"wp-block-column is-layout-flow wp-block-column-is-layout-flow\">\r\n<h3 class=\"has-neve-link-color-color has-text-color wp-block-heading\">COLLABORAZIONI in ILLUSTRAZIONE e GRAFICA<\/h3>\r\n\r\n\r\n\r\n<div class=\"wp-block-group\">\r\n<div class=\"wp-block-group__inner-container is-layout-flow wp-block-group-is-layout-flow\">\r\n<div class=\"wp-block-spacer\" style=\"height: 63px;\" aria-hidden=\"true\">&nbsp;<\/div>\r\n\r\n\r\n\r\n<p class=\"has-text-align-left has-neve-link-color-color has-text-color\"><strong>Studi e Agenzie<\/strong><\/p>\r\n\r\n\r\n\r\n<ul class=\"wp-block-list\">\r\n<li>Bluedit servizi per l\u2019editoria (Torino)<\/li>\r\n<li>MIA, Milan Illustration Agency (Milano)<\/li>\r\n<li>Studio Light (Torino)<\/li>\r\n<li>Studio Ariberto (Milano)<\/li>\r\n<li>Studio Daniela Lucchini (Varese)<\/li>\r\n<li>Studio Aurion (Milano)<\/li>\r\n<li>Studio Eidos (Torino)<\/li>\r\n<li>Edibit servizi per l\u2019editoria (Torino)<\/li>\r\n<li>Studio Grafico Key (Torino)<\/li>\r\n<li>Studio Direct Marketing Team (Torino)<\/li>\r\n<\/ul>\r\n<\/div>\r\n<\/div>\r\n<\/div>\r\n\r\n\r\n\r\n<div class=\"wp-block-column is-layout-flow wp-block-column-is-layout-flow\">\r\n<p class=\"has-neve-link-color-color has-text-color\"><strong>Editori<\/strong><\/p>\r\n\r\n\r\n\r\n<ul class=\"wp-block-list\">\r\n<li>Clementoni gioco educativo (Recanati, MC)<\/li>\r\n<li>Mattel Ficher-Price (Mondadori Milano)<\/li>\r\n<li>Edizioni Cetem (Milano)<\/li>\r\n<li>Istituto Italiano Edizioni Atlas (Bergamo)<\/li>\r\n<li>Nicola Milano Edizioni (Bologna)<\/li>\r\n<li>Piemme Edizioni (Casale Monferrato, Alessandria)<\/li>\r\n<li>Ed Il Capitello Signum Scuola (Torino)<\/li>\r\n<li>Lang edizioni, Paravia Bruno Mondadori Editore (Milano)<\/li>\r\n<li>RCS edizioni (Milano)<\/li>\r\n<li>La spiga Edizioni (Milano)<\/li>\r\n<li>Shang Shung Edizioni (ora integrate nell\u2019 Istituto Shang Shung, Arcidosso \u2013 GR)<\/li>\r\n<li>Ubaldini Editore (Roma)<\/li>\r\n<li>The Mirror (Massachusetts \u2013 U.S.A.)<\/li>\r\n<li>Station Hills Press (New York)<\/li>\r\n<li>Ed. Psiche (Torino)<\/li>\r\n<li>Ed. Fenix (Torino)<\/li>\r\n<li>Nautilus Edizioni (Torino)<\/li>\r\n<li>Associazioni e gruppi indipendenti o autogestiti nella produzione di libri, opuscoli, brochure, adesivi, manifesti.<\/li>\r\n<\/ul>\r\n<\/div>\r\n<\/div>\r\n<\/div>\r\n<\/div>\r\n\r\n\r\n\r\n<h1 class=\"has-neve-link-color-color has-text-color wp-block-heading\">ELENCO PUBBLICAZIONI<\/h1>\r\n\r\n\r\n\r\n<div class=\"wp-block-group\">\r\n<div class=\"wp-block-group__inner-container is-layout-flow wp-block-group-is-layout-flow\">\r\n<h3 class=\"has-neve-link-color-color has-text-color wp-block-heading\">Illustrazione Attivismo<\/h3>\r\n\r\n\r\n\r\n<ul class=\"wp-block-list\">\r\n<li>2003 \u201cLe scarpe dei suicidi\u201d di Tobia Imperato,&nbsp; Ed. Autoproduzioni Fenix. Copertina, impaginazione, post ptoduzione fotografica, fotomontaggi, progetto grafico.<\/li>\r\n<li>2008 \u201cSorvegliato Mentale\u201d, di Paola Minelli, Ed Nautilus, Torino. Progetto, testo, grafica e copertina di Paola Minelli.<\/li>\r\n<li>2012 \u201cIl Crepuscolo delle Macchine\u201d,di John Zerzan, Ed Nautilus, Torino. Copertina.<\/li>\r\n<li>2015 \u201cProspettive Antindustriali\u201d,del Collettivo Editoriale delle \u00c9ditions de la Roue, Ed Nautilus, Torino. Copertina.<\/li>\r\n<li>2019 \u201cCritica al Transumanesimo\u201d, Autori Vari,&nbsp; Ed Nautilus, Torino. Copertina.<\/li>\r\n<\/ul>\r\n<\/div>\r\n<\/div>\r\n\r\n\r\n\r\n<div class=\"wp-block-group\">\r\n<div class=\"wp-block-group__inner-container is-layout-flow wp-block-group-is-layout-flow\">\r\n<h3 class=\"has-neve-link-color-color has-text-color wp-block-heading\">Illustrazione Infanzia<\/h3>\r\n\r\n\r\n\r\n<ul class=\"wp-block-list\">\r\n<li>1998 \u201cFrammenti di Sole\u201d, 2 volumi, Ed Cetem, Milano.<\/li>\r\n<li>1998 \u201cPensieri e parole\u201d, 3 volumi, Ed Cetem, Milano.<\/li>\r\n<li>1999 \u201cImparo dalle storie\u201d, Tich Nhat Hanh, Ed Psiche, Torino.<\/li>\r\n<li>1999 \u201cScritto per te\u201d, 3 volumi, Atlas Ed, Bergamo.<\/li>\r\n<li>2000 \u201cSapientino Prime Parole, refil\u201d, gioco educativo, Clementoni.<\/li>\r\n<li>2000 \u201cCome un nuovo gioco\u201d, 3 volumi, Nicola Milano Ed. Bologna.<\/li>\r\n<li>2001 \u201cA come Avventura\u201d, 2 volumi, Piemme Ed. (Casale Monferrato, AL).<\/li>\r\n<li>2002 \u201cLuna Rossa e Tanti Amici\u201d 3 volumi, Ed Il Capitello Signum Scuola (Torino).<\/li>\r\n<li>2002 \u201cIl Mondo Magico delle Parole\u201d, 3 volumi, Piemme Ed. (Casale Monferrato, AL).<\/li>\r\n<li>2003 \u201cIl nouvo leggere per\u2026 leggere\u201d vol 3 e 4, Piemme Ed.(Casale Monferrato, AL).<\/li>\r\n<li>2005 \u201cCiao Birba\u201d vol 1, 2 e 3, Istituto Italiano Edizioni Atlas (Bergamo).<\/li>\r\n<li>2005 \u201cMoving On\u201d, vol 1 e 2, Lang edizioni, Paravia Bruno Mondadori editore (MI).<\/li>\r\n<li>2005 \u201cSuper Mini Club\u201d, vol 3, 4, 5, Lang edizioni, Paravia Bruno Mondadori editore (MI).<\/li>\r\n<li>2005 \u201cMini Club Starter\u201d, adesivi, Lang edizioni, Paravia Bruno Mondadori editore (MI).<\/li>\r\n<li>2005 \u201cAmico Sole\u201d, RCS edizioni (MI).<\/li>\r\n<li>2005 \u201cScopro, Conosco, Imparo\u201d, Istituto Italiano Edizioni Atlas (Bergamo).<\/li>\r\n<li>2005 \u201cIo Progetto\u201d cl4a, Atlas Ed, (BG).<\/li>\r\n<li>2006 \u201cLinguaggi Espressivi, Guida per l\u2019insegnante,&nbsp; \u201d vol 1, 2, 3 Juvenilia edizioni (MI).<\/li>\r\n<li>2006 \u201cCuccioli\u201d Piemme Ed.(Casale Monferrato, AL).<\/li>\r\n<li>2006 \u201cMelazzurra\u201d, edizioni Il Capitello (TO).<\/li>\r\n<li>2006 \u201cOpl\u00e0\u201d, vol 3, RCS edizioni (MI).<\/li>\r\n<li>\u201cRegole e Formule\u201d, 5 volumi, La Spiga edizioni (MI).<\/li>\r\n<li>\u201cQuaderni di Rinforzo\u201d, 3 volumi, La Spiga edizioni (MI).<\/li>\r\n<li>\u201cIllustrazioni per fiabe, lavoretti e giochi per il sito&nbsp;<a href=\"http:\/\/noinonni.it\/\" target=\"_blank\" rel=\"noreferrer noopener\">noinonni.it<\/a><\/li>\r\n<\/ul>\r\n<\/div>\r\n<\/div>\r\n\r\n\r\n\r\n<h3 class=\"wp-block-heading\">&nbsp;<\/h3>\r\n\r\n\r\n\r\n<div class=\"wp-block-group\">\r\n<div class=\"wp-block-group__inner-container is-layout-flow wp-block-group-is-layout-flow\">\r\n<h3 class=\"has-neve-link-color-color has-text-color wp-block-heading\">Illustrazione discipline della conoscenza (Dharma)<\/h3>\r\n\r\n\r\n\r\n<p><em>Un numero considerevole delle seguenti illustrazioni \u00e8 stato riprodotto nelle traduzioni in varie lingue, soprattutto spagnolo e inglese<\/em>.<\/p>\r\n\r\n\r\n\r\n<ul class=\"wp-block-list\">\r\n<li>1993 T. Wangyal, \u201cWonders of the natural mind\u201d Station Hills Press, New York, ripubblicato nel 2000 dalla Snow Lion pubblication, New York e&nbsp; nel 1994 nella traduzione italiana: \u201cI miracoli della Mente Naturale, Ubaldini Editore (Roma) .<\/li>\r\n<li>1993 CNN, \u201cPratica di lunga vita della Dakini Mandarava\u201d (china su pergamena). Shang Shung Edizioni, Arcidosso, Grosseto. Italy.<\/li>\r\n<li>1994 \u201cIl libro delle mudra\u201c (copertina e circa 100 illustrazioni a china). Shang Shung Edizioni, Arcidosso, Grosseto. Italy.<\/li>\r\n<li>1994 \u201cLungta\u201c (copertina \u2013 china). Shang Shung Edizioni, Arcidosso, Grosseto. Italy.<\/li>\r\n<li>1994 \u201cCalendario legno cane\u201c (copertina-china). Shang Shung Edizioni, Arcidosso, Grosseto. Italy.<\/li>\r\n<li>1995 CNN, \u201cLe quattro contemplazioni del Semd\u00e8\u201c (copertina \u2013 china). Shang Shung Edizioni, Arcidosso, Grosseto. Italy.<\/li>\r\n<li>1995 CNN, \u201cKumar Kumari Yantra\u201c yoga per bambini (copertina-china). Shang Shung Edizioni, Arcidosso, Grosseto. Italy.<\/li>\r\n<li>1995 CNN, \u201cIl settimo logiong\u201c (copertina \u2013 china). Shang Shung Edizioni, Arcidosso, Grosseto. Italy.<\/li>\r\n<li>1995 Drugu Choegyal Rimpoche, \u201cSfogliando la cipolla\u201c (copertina \u2013 china). Shang Shung Edizioni, Arcidosso, Grosseto. Italy.<\/li>\r\n<li>1995 CNN, \u201cLa pratica del Namkha\u201c (copertina \u2013 china). Shang Shung Edizioni, Arcidosso, Grosseto. Italy.<\/li>\r\n<li>1996 CNN \u201cSanti Maha Sangha Pratiche preliminari della base\u201c (copertina-china). Shang Shung Edizioni, Arcidosso, Grosseto. Italy.<\/li>\r\n<li>1996 CNN, \u201cLa pratica del Sang\u201c (copertina-china). Shang Shung Edizioni, Arcidosso, Grosseto. Italy.<\/li>\r\n<li>1996 \u201cIn Tibet\u201c (copertina-china). Shang Shung Edizioni, Arcidosso, Grosseto. Italy.<\/li>\r\n<li>1996 CNN, \u201cIl Vajra\u201c (copertina-china). Shang Shung Edizioni, Arcidosso, Grosseto. Italy.<\/li>\r\n<li>1996 \u201cCommento alla Nave Preziosa\u201c (copertina-china). Shang Shung Edizioni, Arcidosso, Grosseto. Italy.<\/li>\r\n<li>1996 CNN, \u201cCommento al Nondro\u201c (copertina-china). Shang Shung Edizioni, Arcidosso, Grosseto. Italy.<\/li>\r\n<li>1996 CNN, \u201cCome suonare il damaru nella pratica del Chod\u201c (copertina-china). Shang Shung Edizioni, Arcidosso, Grosseto. Italy.<\/li>\r\n<li>1996-2001 Varie illustrazioni sulla medicina tibetana commissionate dall\u2019Istituto Shang Shung.<\/li>\r\n<li>1997 \u201cCalendario toro fuoco\u201d (copertina-china). Shang Shung Edizioni, Arcidosso, Grosseto. Italy.<\/li>\r\n<li>1997 CNN, \u201cIl canto dell\u2019energia\u201d (copertina-china). Shang Shung Edizioni, Arcidosso, Grosseto. Italy.<\/li>\r\n<li>1997 CNN, \u201cIl rushen esterno e la pratica dei Sei Loka\u201d (copertina-china, illustrazione interna tecnica mista). Shang Shung Edizioni, Arcidosso, Grosseto. Italy.<\/li>\r\n<li>1997 CNN, \u201cLa collana degli Zi\u201d (copertina \u2013 matite cont\u00e8). Shang Shung Edizioni, Arcidosso, Grosseto. Italy.<\/li>\r\n<li>1997 CNN, \u201cLa pratica del Narag Tongtrug\u201d (copertina-china) usata anche in \u201cCommento al Narag Tongtrug\u201d. Shang Shung Edizioni, Arcidosso, Grosseto. Italy.<\/li>\r\n<li>1997 Commento al Narag Tongtrug (copertina-china).Shang Shung Edizioni, Arcidosso, Grosseto. Italy.<\/li>\r\n<li>1997 Padmasambhava, \u201cConsapevolezza\u201d Ed. Psiche, Torino.<\/li>\r\n<li>1998 Calendario tigre terra (copertina-china). Shang Shung Edizioni, Arcidosso, Grosseto. Italy.<\/li>\r\n<li>1998 Quattro invocazioni dello Dzog Chen (copertina-china). Shang Shung Edizioni, Arcidosso, Grosseto. Italy.<\/li>\r\n<li>1998 Pratica di lunga vita e Chudlen di Mandarava commento (china). Shang Shung Edizioni, Arcidosso, Grosseto. Italy.<\/li>\r\n<li>1998 Thich Nhat Hanh \u201cImparo dalle storie. Il bamb\u00f9 della luna\u201d, illustrazioni, chine. Ed. Psiche,&nbsp; Torino.<\/li>\r\n<li>1999 Calendario lepre terra (copertina-china). Shang Shung Edizioni, Arcidosso, Grosseto. Italy.<\/li>\r\n<li>1999 The pratice of long life on the Dakini Mandarava (china). Shang Shung Edizioni, Arcidosso, Grosseto. Italy.<\/li>\r\n<li>1999 Namkha (numerose illustrazioni a china). Shang Shung Edizioni, Arcidosso, Grosseto. Italy.<\/li>\r\n<li>1999 Canti dall\u2019ospedale e altre poesie (icona, copertina-digitale vettoriale). Shang Shung Edizioni, Arcidosso, Grosseto. Italy.<\/li>\r\n<li>1999 Chod, opuscolo (copertina-china). Shang Shung Edizioni, Arcidosso, Grosseto. Italy.<\/li>\r\n<li>1999 Pratica di lunga vita e Chudlen di Mandarava (copertina, tecnica mista su carta). Dipinto pubblicato come illustrazione anche su altri libri: 1999 The pratice of long life on the Dakini Mandarava. Le pratiche degli Tzalung di Mandarava, 2007 (eng) 2008 (ita).<\/li>\r\n<li>2000 CNN, \u201cCommento al canto del Vajra\u201d (icona, copertina-digitale vettoriale).2001 \u201cCalendario serpente metallo\u201d (copertina-china).<\/li>\r\n<li>1999 CNN, \u201cPratica di lunga vita e Chudlen di Mandarava\u201d (copertina, tecnica mista su carta) Dipinto&nbsp; pubblicato anche come illustrazione su altri libri: 1999 The pratice of long life on the Dakini Mandarava Le pratiche degli Tzalung di Mandarava, 2007 (eng) 2008 (ita).<\/li>\r\n<li>2000 CNN, Introduzione diretta allo stato dell\u2019Atiyoga (copertina digitale-vettoriale), illustrazione&nbsp; pubblicata anche sulla copertina della serie di 8 volumi \u201cLongsal\u201d(2002-2008).<\/li>\r\n<li>2001 CNN, Insegnamenti sul Longde, (chine pg 48, 66, 67).<\/li>\r\n<li>2001 CNN, Lo Yoga di Arya Tara, (china, pg 24).<\/li>\r\n<li>2001 CNN, Chod, libro (china pg 81).<\/li>\r\n<li>2002 CNN, Dzog\u010dhen, P\u0159irozen\u011b dokonal\u00fd stav.&nbsp; Nakladatelstv\u00ed DharmaGaia, Praha (Praga) 2002.<\/li>\r\n<li>2002 La biografia del grande m aestro Padmasambhava (copertina \u2013 acrilico su tela); dipinto pubblicato anche nel 2005 in \u201cThe Life of Padmasambhava\u201d.<\/li>\r\n<li>2004 CNN, Insegnamenti su Lojong, Rushen e Semzin (pg 61 china).<\/li>\r\n<li>2005 CNN, Illustrazioni all\u2019interno del CD Green Tara.<\/li>\r\n<li>2010 CNN, Rainbow Body (illustrazione copertina \u2013 pittura digitale).<\/li>\r\n<li>2011 CNN, Jnana Dakini (china digitale).<\/li>\r\n<li>2011 Calendario lepre metallo (copertina-china pi\u00f9 colore digitale)<\/li>\r\n<\/ul>\r\n<\/div>\r\n<\/div>\r\n\r\n\r\n\r\n<h3 class=\"has-neve-link-color-color has-text-color wp-block-heading\">Riviste discipline della conoscenza (Dharma)<\/h3>\r\n\r\n\r\n\r\n<p>&nbsp;<\/p>\r\n\r\n\r\n\r\n<div class=\"wp-block-group\">\r\n<div class=\"wp-block-group__inner-container is-layout-flow wp-block-group-is-layout-flow\">\r\n<ul class=\"wp-block-list\">\r\n<li>Dal 1993-The Mirror, Rivista (Massachusetts \u2013 U.S.A.)<\/li>\r\n<li>Dal 1992 Merigar letter, Arcidosso (Grosseto).<\/li>\r\n<\/ul>\r\n\r\n\r\n\r\n<p>&nbsp;<\/p>\r\n<\/div>\r\n<\/div>\r\n\r\n\r\n\r\n<h3 class=\"has-neve-link-color-color has-text-color wp-block-heading\">Altre illustrazioni e grafica<\/h3>\r\n\r\n\r\n\r\n<ul class=\"wp-block-list\">\r\n<li>1996 Enzo Terzano \u201cMaterialismo estetico e arte spirituale\u201d Diomedea Ed. (GR). Copertina.<\/li>\r\n<li>2004 Progetto di collaborazione internazionale di aiuti umanitari: \u201cPara defenderse de los terremotos haj que saber the ellos\u201d copertina.<\/li>\r\n<li>1990-2020 Loghi, insegne, brochure, locandine, manifesti, opuscoli, grafica e impaginazione per associazioni e privati.<\/li>\r\n<li>1990-2020 Illustrazioni per associazioni e privati.<\/li>\r\n<li>1990-2010 Illustrazione per Plasmon, Ferrero, Nikon, FisherPrice e altre campagne informative o pubblicitarie.<\/li>\r\n<\/ul>\r\n\r\n\r\n\r\n<figure class=\"wp-block-image alignwide size-large\"><img loading=\"lazy\" decoding=\"async\" width=\"1024\" height=\"678\" class=\"wp-image-1986\" src=\"https:\/\/www.illustra-azione.org\/wp-content\/uploads\/2020\/01\/Paola_Minelli_SelflPortrait_DSC4327-1024x678.jpg\" alt=\"\" srcset=\"https:\/\/www.illustra-azione.org\/wp-content\/uploads\/2020\/01\/Paola_Minelli_SelflPortrait_DSC4327-1024x678.jpg 1024w, https:\/\/www.illustra-azione.org\/wp-content\/uploads\/2020\/01\/Paola_Minelli_SelflPortrait_DSC4327-300x199.jpg 300w, https:\/\/www.illustra-azione.org\/wp-content\/uploads\/2020\/01\/Paola_Minelli_SelflPortrait_DSC4327-768x509.jpg 768w, https:\/\/www.illustra-azione.org\/wp-content\/uploads\/2020\/01\/Paola_Minelli_SelflPortrait_DSC4327-1536x1018.jpg 1536w, https:\/\/www.illustra-azione.org\/wp-content\/uploads\/2020\/01\/Paola_Minelli_SelflPortrait_DSC4327.jpg 1920w\" sizes=\"(max-width: 1024px) 100vw, 1024px\" \/>\r\n<figcaption>Autoritratto Self Portrait<\/figcaption>\r\n<\/figure>\r\n\r\n\r\n\r\n<div class=\"wp-block-button aligncenter is-style-outline is-style-outline--1\"><a class=\"wp-block-button__link has-white-color has-neve-link-color-background-color has-text-color has-background\" href=\"mailto:\/\/illustra.azione@gmail.com\"><strong>email<\/strong><\/a><\/div>\r\n","protected":false},"excerpt":{"rendered":"<p>Paola Mini cre-attiva, equanimo-situazionista, eco-libertaria, constatatrice a volte pittrice, illustratrice, grafica, scrittrice, comunicatrice, yogini e quant&#8217;altro Nella mia vita ho creato&nbsp; migliaia di immagini, sia autonomamente che collaborando con altri artisti, agenzie, editori, privati, realt\u00e0 indipendenti e di autoproduzione La mole pi\u00f9 grande della mia produzione si \u00e8 svolta nel campo dell\u2019editoria per l\u2019infanzia, nell&#8217;attivismo&hellip;&nbsp;<a href=\"https:\/\/www.illustra-azione.org\/?p=1750\" rel=\"bookmark\">Read More &raquo;<span class=\"screen-reader-text\">Su di me<\/span><\/a><\/p>\n","protected":false},"author":2,"featured_media":0,"comment_status":"closed","ping_status":"open","sticky":false,"template":"","format":"standard","meta":{"neve_meta_sidebar":"","neve_meta_container":"","neve_meta_enable_content_width":"off","neve_meta_content_width":70,"neve_meta_title_alignment":"","neve_meta_author_avatar":"","neve_post_elements_order":"","neve_meta_disable_header":"","neve_meta_disable_footer":"","neve_meta_disable_title":"on","ngg_post_thumbnail":0,"footnotes":""},"categories":[3],"tags":[],"class_list":["post-1750","post","type-post","status-publish","format-standard","hentry","category-info"],"_links":{"self":[{"href":"https:\/\/www.illustra-azione.org\/index.php?rest_route=\/wp\/v2\/posts\/1750","targetHints":{"allow":["GET"]}}],"collection":[{"href":"https:\/\/www.illustra-azione.org\/index.php?rest_route=\/wp\/v2\/posts"}],"about":[{"href":"https:\/\/www.illustra-azione.org\/index.php?rest_route=\/wp\/v2\/types\/post"}],"author":[{"embeddable":true,"href":"https:\/\/www.illustra-azione.org\/index.php?rest_route=\/wp\/v2\/users\/2"}],"replies":[{"embeddable":true,"href":"https:\/\/www.illustra-azione.org\/index.php?rest_route=%2Fwp%2Fv2%2Fcomments&post=1750"}],"version-history":[{"count":101,"href":"https:\/\/www.illustra-azione.org\/index.php?rest_route=\/wp\/v2\/posts\/1750\/revisions"}],"predecessor-version":[{"id":3395,"href":"https:\/\/www.illustra-azione.org\/index.php?rest_route=\/wp\/v2\/posts\/1750\/revisions\/3395"}],"wp:attachment":[{"href":"https:\/\/www.illustra-azione.org\/index.php?rest_route=%2Fwp%2Fv2%2Fmedia&parent=1750"}],"wp:term":[{"taxonomy":"category","embeddable":true,"href":"https:\/\/www.illustra-azione.org\/index.php?rest_route=%2Fwp%2Fv2%2Fcategories&post=1750"},{"taxonomy":"post_tag","embeddable":true,"href":"https:\/\/www.illustra-azione.org\/index.php?rest_route=%2Fwp%2Fv2%2Ftags&post=1750"}],"curies":[{"name":"wp","href":"https:\/\/api.w.org\/{rel}","templated":true}]}}